{"id":170,"date":"2013-08-25T18:29:07","date_gmt":"2013-08-25T16:29:07","guid":{"rendered":"http:\/\/g-lader.info\/blog\/?p=170"},"modified":"2019-02-07T08:31:23","modified_gmt":"2019-02-07T07:31:23","slug":"volkstyle-base-in-weeze","status":"publish","type":"post","link":"http:\/\/g-lader.info\/blog\/2013\/08\/25\/volkstyle-base-in-weeze\/","title":{"rendered":"Volkstyle Base (Vol. I) in Weeze"},"content":{"rendered":"\n<div class=\"wp-block-image\"><figure class=\"aligncenter\"><img loading=\"lazy\" decoding=\"async\" width=\"600\" height=\"400\" src=\"http:\/\/g-lader.info\/blog\/wp-content\/uploads\/2019\/02\/VolkstyleBaseVol.IinWeeze_IMG_1964.JPG.small_.jpg\" alt=\"\" class=\"wp-image-171\" srcset=\"http:\/\/g-lader.info\/blog\/wp-content\/uploads\/2019\/02\/VolkstyleBaseVol.IinWeeze_IMG_1964.JPG.small_.jpg 600w, http:\/\/g-lader.info\/blog\/wp-content\/uploads\/2019\/02\/VolkstyleBaseVol.IinWeeze_IMG_1964.JPG.small_-300x200.jpg 300w\" sizes=\"auto, (max-width: 600px) 100vw, 600px\" \/><figcaption><em>Endgegner mit G60-Lader<\/em><\/figcaption><\/figure><\/div>\n\n\n\n<p class=\"has-small-font-size\">Dass eine ehemalige Military Airbase ein perfekter Veranstaltungsort f\u00fcr ein VW-Treffen ist, kann man seit vielen Jahren beim immer noch boomenden M.I.V.W-Treffen sehen. Nun betritt ein neuer Kandidat die B\u00fchne: Volkstyle Base. Und f\u00fcr das Treffen-Deb\u00fct muss man sagen: Hut ab, hat funktioniert. Trotz der mauen Wettervorhersage und des tats\u00e4chlich durchwachsenen Wetters. Mein pers\u00f6nlicher Wunsch w\u00e4re schon noch, dass sich die Veranstalter \u00fcber das allgemeine Preisniveau noch einmal Gedanken machen. Das sind die Eckdaten aus 2013: 15,- Euro nur um mit Fahrzeug auf den Platz zu kommen, Beifahrer\/-in 10,- Euro extra, Show&amp;Shine 5,- Euro, Pommes mit Frikandel 8,- Euro. Auch wenn Bentley und Bugatti zum VAG-Konzern z\u00e4hlen, aber das ist doch ein bissle happig, oder?<\/p>\n\n\n\n<p class=\"has-small-font-size\">Nat\u00fcrlich habe ich wieder ein paar Bilder mitgebracht &#8211; und JA nat\u00fcrlich, sie liegen wie immer in der <a href=\"http:\/\/g-lader.info\/gallery\/index.php?twg_album=916___Volkstyle+Base+Vol.+I+in+Weeze+2013\" target=\"_blank\" rel=\"noreferrer noopener\" aria-label=\"Galerie (\u00f6ffnet in neuem Tab)\">Galerie<\/a>. Besonders beachtenswert war aus meiner Sicht der G60-Golf vom obigen Titelbild.<\/p>\n","protected":false},"excerpt":{"rendered":"<p>Dass eine ehemalige Military Airbase ein perfekter Veranstaltungsort f\u00fcr ein VW-Treffen ist, kann man seit vielen Jahren beim immer noch boomenden M.I.V.W-Treffen sehen. Nun betritt ein neuer Kandidat die B\u00fchne: Volkstyle Base. Und f\u00fcr das Treffen-Deb\u00fct muss man sagen: Hut ab, hat funktioniert. Trotz der mauen Wettervorhersage und des tats\u00e4chlich durchwachsenen Wetters. Mein pers\u00f6nlicher Wunsch &hellip; <\/p>\n<p class=\"link-more\"><a href=\"http:\/\/g-lader.info\/blog\/2013\/08\/25\/volkstyle-base-in-weeze\/\" class=\"more-link\"><span class=\"screen-reader-text\">\u201eVolkstyle Base (Vol. I) in Weeze\u201c <\/span>weiterlesen<\/a><\/p>\n","protected":false},"author":1,"featured_media":0,"comment_status":"closed","ping_status":"open","sticky":false,"template":"","format":"standard","meta":{"footnotes":""},"categories":[16],"tags":[],"class_list":["post-170","post","type-post","status-publish","format-standard","hentry","category-unterwegs","entry"],"_links":{"self":[{"href":"http:\/\/g-lader.info\/blog\/wp-json\/wp\/v2\/posts\/170","targetHints":{"allow":["GET"]}}],"collection":[{"href":"http:\/\/g-lader.info\/blog\/wp-json\/wp\/v2\/posts"}],"about":[{"href":"http:\/\/g-lader.info\/blog\/wp-json\/wp\/v2\/types\/post"}],"author":[{"embeddable":true,"href":"http:\/\/g-lader.info\/blog\/wp-json\/wp\/v2\/users\/1"}],"replies":[{"embeddable":true,"href":"http:\/\/g-lader.info\/blog\/wp-json\/wp\/v2\/comments?post=170"}],"version-history":[{"count":3,"href":"http:\/\/g-lader.info\/blog\/wp-json\/wp\/v2\/posts\/170\/revisions"}],"predecessor-version":[{"id":174,"href":"http:\/\/g-lader.info\/blog\/wp-json\/wp\/v2\/posts\/170\/revisions\/174"}],"wp:attachment":[{"href":"http:\/\/g-lader.info\/blog\/wp-json\/wp\/v2\/media?parent=170"}],"wp:term":[{"taxonomy":"category","embeddable":true,"href":"http:\/\/g-lader.info\/blog\/wp-json\/wp\/v2\/categories?post=170"},{"taxonomy":"post_tag","embeddable":true,"href":"http:\/\/g-lader.info\/blog\/wp-json\/wp\/v2\/tags?post=170"}],"curies":[{"name":"wp","href":"https:\/\/api.w.org\/{rel}","templated":true}]}}