{"id":195,"date":"2015-04-19T19:17:39","date_gmt":"2015-04-19T17:17:39","guid":{"rendered":"http:\/\/g-lader.info\/blog\/?p=195"},"modified":"2019-02-07T09:20:21","modified_gmt":"2019-02-07T08:20:21","slug":"techno-classica-2015","status":"publish","type":"post","link":"http:\/\/g-lader.info\/blog\/2015\/04\/19\/techno-classica-2015\/","title":{"rendered":"Techno Classica 2015"},"content":{"rendered":"\n<div class=\"wp-block-image\"><figure class=\"aligncenter\"><img loading=\"lazy\" decoding=\"async\" width=\"533\" height=\"400\" src=\"http:\/\/g-lader.info\/blog\/wp-content\/uploads\/2019\/02\/TechnoClassica2015_IMG_0008.JPG.small_.jpg\" alt=\"\" class=\"wp-image-196\" srcset=\"http:\/\/g-lader.info\/blog\/wp-content\/uploads\/2019\/02\/TechnoClassica2015_IMG_0008.JPG.small_.jpg 533w, http:\/\/g-lader.info\/blog\/wp-content\/uploads\/2019\/02\/TechnoClassica2015_IMG_0008.JPG.small_-300x225.jpg 300w\" sizes=\"auto, (max-width: 533px) 100vw, 533px\" \/><\/figure><\/div>\n\n\n\n<p class=\"has-small-font-size\">Die Techno Classica war der Grund, warum es hier auf G-Lader.info in letzter Zeit etwas still wurde. Uns (&#8222;uns&#8220; meint hier: die VW Polo IG Deutschland e.V.) wurde die Ehre zu Teil, Volkswagen Classic beim Auftritt zum Thema &#8222;40 Jahre Polo&#8220; zu unterst\u00fctzen. Dazu haben wir im Vorfeld Vortr\u00e4ge ausgearbeitet, Kontakte und Fahrzeuge f\u00fcr Fotoshootings vermittelt, Korrektur gelesen und vieles, vieles mehr. In der eigentlichen Messewoche galt es dann nicht nur den eigenen Stand der VW Polo IG Deutschland e.V. mit neuem Logo und neuem Auftritt zu bestellen, sondern auch die Kollegen von Volkswagen Classic am eigenen Stand zu flankieren. Und das war -um es mit wenigen Worten zu sagen- ein Kraftakt, aber gro\u00dfartig. So viele interessante Gespr\u00e4che und mindestens ein Kontakt kamen zustande, der sich bereits im Nachgang als \u00fcberaus wertvoll erweisen sollte. Volkswagen Classic brachte zum Jubil\u00e4um sieben interessante Meilensteine aus der Polo-Geschichte mit, drei davon sogar mit G-Lader: der <a rel=\"noreferrer noopener\" href=\"https:\/\/web.archive.org\/web\/20150926124040\/http:\/\/g-lader.info\/fahrzeuge_studien_polog40prototyp.htm\" target=\"_blank\">1985er &#8222;Weltrekord G40&#8220;<\/a>, ein <a aria-label=\" (\u00f6ffnet in neuem Tab)\" rel=\"noreferrer noopener\" href=\"http:\/\/g-lader.info\/fahrzeuge_studien_oekopolo.htm\" target=\"_blank\">\u00d6ko-Polo D.i. G40<\/a> und ein Facelift Polo G40.<br>Obwohl ich selber nicht die Zeit hatte, mir die ganze Messe anzuschauen, war 2015 das intensivste und erfolgreichste Jahr.<br>Leider kann man gewisse bedenkliche Trends bei der Techno Classica erkennen, dazu wird es in K\u00fcrze ein gesondertes Editorial geben. <\/p>\n\n\n\n<p class=\"has-small-font-size\">Nun aber erst einmal viel Spa\u00df beim Durchgucken der Fotos in der <a href=\"http:\/\/g-lader.info\/gallery\/index.php?twg_album=Techno+Classica+2015\" target=\"_blank\" rel=\"noreferrer noopener\" aria-label=\" (\u00f6ffnet in neuem Tab)\">Galerie<\/a><\/p>\n","protected":false},"excerpt":{"rendered":"<p>Die Techno Classica war der Grund, warum es hier auf G-Lader.info in letzter Zeit etwas still wurde. Uns (&#8222;uns&#8220; meint hier: die VW Polo IG Deutschland e.V.) wurde die Ehre zu Teil, Volkswagen Classic beim Auftritt zum Thema &#8222;40 Jahre Polo&#8220; zu unterst\u00fctzen. Dazu haben wir im Vorfeld Vortr\u00e4ge ausgearbeitet, Kontakte und Fahrzeuge f\u00fcr Fotoshootings &hellip; <\/p>\n<p class=\"link-more\"><a href=\"http:\/\/g-lader.info\/blog\/2015\/04\/19\/techno-classica-2015\/\" class=\"more-link\"><span class=\"screen-reader-text\">\u201eTechno Classica 2015\u201c <\/span>weiterlesen<\/a><\/p>\n","protected":false},"author":1,"featured_media":0,"comment_status":"closed","ping_status":"open","sticky":false,"template":"","format":"standard","meta":{"footnotes":""},"categories":[1,16],"tags":[22,41],"class_list":["post-195","post","type-post","status-publish","format-standard","hentry","category-allgemein","category-unterwegs","tag-polo-g40","tag-polo-g40-weltrekord","entry"],"_links":{"self":[{"href":"http:\/\/g-lader.info\/blog\/wp-json\/wp\/v2\/posts\/195","targetHints":{"allow":["GET"]}}],"collection":[{"href":"http:\/\/g-lader.info\/blog\/wp-json\/wp\/v2\/posts"}],"about":[{"href":"http:\/\/g-lader.info\/blog\/wp-json\/wp\/v2\/types\/post"}],"author":[{"embeddable":true,"href":"http:\/\/g-lader.info\/blog\/wp-json\/wp\/v2\/users\/1"}],"replies":[{"embeddable":true,"href":"http:\/\/g-lader.info\/blog\/wp-json\/wp\/v2\/comments?post=195"}],"version-history":[{"count":1,"href":"http:\/\/g-lader.info\/blog\/wp-json\/wp\/v2\/posts\/195\/revisions"}],"predecessor-version":[{"id":197,"href":"http:\/\/g-lader.info\/blog\/wp-json\/wp\/v2\/posts\/195\/revisions\/197"}],"wp:attachment":[{"href":"http:\/\/g-lader.info\/blog\/wp-json\/wp\/v2\/media?parent=195"}],"wp:term":[{"taxonomy":"category","embeddable":true,"href":"http:\/\/g-lader.info\/blog\/wp-json\/wp\/v2\/categories?post=195"},{"taxonomy":"post_tag","embeddable":true,"href":"http:\/\/g-lader.info\/blog\/wp-json\/wp\/v2\/tags?post=195"}],"curies":[{"name":"wp","href":"https:\/\/api.w.org\/{rel}","templated":true}]}}