{"id":308,"date":"2022-12-11T12:51:00","date_gmt":"2022-12-11T11:51:00","guid":{"rendered":"http:\/\/g-lader.info\/blog\/?p=308"},"modified":"2023-06-15T08:03:31","modified_gmt":"2023-06-15T06:03:31","slug":"umzug-des-volkswagen-museums-was-nicht-verloren-gehen-darf","status":"publish","type":"post","link":"https:\/\/g-lader.info\/blog\/2022\/12\/11\/umzug-des-volkswagen-museums-was-nicht-verloren-gehen-darf\/","title":{"rendered":"Umzug des Volkswagen-Museums: was nicht verloren gehen darf"},"content":{"rendered":"\n<p class=\"has-large-font-size\">Wenn die &#8222;Kronjuwelen&#8220; auf Reisen gehen, ist Vorsicht geboten!<\/p>\n\n\n\n<p class=\"has-small-font-size\">Als am 25. April 1985 das Volkswagen AutoMuseum zum ersten Mal seine T\u00fcren \u00f6ffnete, ahnten die Besucher nichts von der gro\u00dfen Not im Hintergrund: Autohersteller Volkswagen hatte sicherlich immer wieder andere Probleme, als sich mit abgelegten Fahrzeugen aus der Forschung und Entwicklung zu belasten. So entstand lange kein echtes Konzept, was damit passieren sollte. Zum Gl\u00fcck war es schlie\u00dflich einem kleinen Kreis von Personen zu verdanken, dass in den Sechziger Jahren zumindest einige Zeitzeugen des Wolfsburger Autobauers zun\u00e4chst in einer inoffiziellen Sammlung auf dem Werksgel\u00e4nde aufbewahrt wurden und nicht in den Schmelzofen kamen. Oder anderweitig diffundierten. Bevor Museums-Gr\u00fcnder Bernd Wiersch allerdings seine Vision der \u00f6ffentlich zug\u00e4nglichen Sammlung in die Realit\u00e4t umsetzen konnte mussten sogar einige Fahrzeuge von ihren damaligen Besitzern zur\u00fcckgekauft werden. Diese Hartn\u00e4ckigkeit hat sich gelohnt, einzigartige Zeitzeugen auf R\u00e4dern blieben erhalten und sie standen fortan unter dem sch\u00fctzenden Mantel der Stiftung AutoMuseum Volkswagen. Wie letzte Woche bekannt wurde (auch <a rel=\"noreferrer noopener\" href=\"http:\/\/g-lader.info\/blog\/2022\/12\/07\/ade-dieselstrasse\/\" target=\"_blank\">G-Lader.info berichtete<\/a>), kehrt das Museum und damit die Sammlung 2024 wieder auf das Werksgel\u00e4nde zur\u00fcck. Eine Chance? Oder auch Risiko? Beides?! Es folgt ein Potpourri der Gedankeng\u00e4nge dazu.<\/p>\n\n\n\n<p class=\"has-small-font-size\">Das Geb\u00e4ude der &#8218;Herrenkleiderwerke Odermark&#8216; wurde 1966 als Textilfabrik gebaut und beherbergte keine 20 Jahre sp\u00e4ter die &#8222;Schatzkammer der Marke&#8220; von Volkswagen, das heutige AutoMuseum an der Dieselstra\u00dfe 35. Repr\u00e4sentativ war das Geb\u00e4ude vermutlich nie so richtig und Stand heute kann man auch von einem erh\u00f6hten Sanierungsbedarf sprechen. Rund 140 ausgew\u00e4hlte und damit ausgestellte Fahrzeuge sind, viele davon \u00fcber Dekaden unbewegt, Zeitkapseln dessen was besondere Meilensteine technologischer, modell- bzw. designspezifischer Entwicklung ausmacht. Oder einfach Erbst\u00fccke und markenverwandte Kuriosit\u00e4ten. In den Anf\u00e4ngen wurde selten umgeschichtet, was der Sammlung leider den b\u00f6sen Spitznamen &#8222;Volkswagen AutoMausoleum&#8220; einbrachte. Dazu muss man betonen, dass die eigentliche Sammlung noch weitaus gr\u00f6\u00dfer ist, als das, was im Ausstellungsraum sichtbar ist: in den Nebenr\u00e4umen und zus\u00e4tzlichen Au\u00dfenlagern befinden sich weitere Fahrzeuge in unterschiedlichen Erhaltungsstadien. Jedes davon ist in der Regel irgendwie besonders. Ob allerdings ein wei\u00dfer, viert\u00fcriger Jetta I mit VR6-Vorserienmotor f\u00fcr eine exemplarische Familie aus Oer-Erkenschwick, die mit ihren Kindern den neuen Tiguan in der Autostadt abholen will, genau so interessant ist wie f\u00fcr die Markenfans (denn gerade der VR-Motor hat seine eigene Fan-Gemeinschaft) darf man sicher bezweifeln. Bald steht ein gro\u00dfer Umbruch an. Genau an diesem Punkt w\u00fcrde die Musik eines Spielfilmes zum AutoMuseum mit Bratschen und Pauken d\u00fcster werden, m\u00f6gliches Unheil ank\u00fcndigen.<\/p>\n\n\n\n<p class=\"has-small-font-size\">Vergleicht man auf den im Internet verf\u00fcgbaren Luftbildern die beiden Geb\u00e4ude des jetzigen Standortes und den der &#8218;Alten Feuerwache&#8216;, wo das Museum hinziehen soll, dann f\u00e4llt sofort eine kleinere Grundfl\u00e4che auf. Das muss nicht unbedingt etwas bedeuten, zumal der Schattenwurf auf dem Luftbild auf eine Mehrgeschossigkeit schlie\u00dfen l\u00e4sst. Nat\u00fcrlich bleibt zu hoffen, dass Volkswagen endlich mal wie andere Wettbewerber auch die n\u00f6tigen Mittel in die Hand nimmt (&#8222;lasst Euch Eier wachsen!&#8220;) und durch Aus- und Umbau die schlichtweg n\u00f6tige Fl\u00e4che schafft, um die Exponate auch in der Quantit\u00e4t und Qualit\u00e4t zu pr\u00e4sentieren wie es zum Beispiel die s\u00fcddeutschen Traditionshersteller tun. Einsch\u00e4tzungen interner Quellen lassen hier aber keinen Optimismus aufkeimen. Dabei k\u00f6nnte man &#8211; die Gedanken sind frei (die Budgets daf\u00fcr sicherlich nicht) &#8211; die beiden s\u00fcdlich der Feuerwache liegenden kreisf\u00f6rmigen Fundamente aktivieren und weitere Glast\u00fcrme zur Lagerung der Fahrzeuge errichten. DAS w\u00e4re, zusammen mit einer chic renovierten Feuerwache, ad\u00e4quat um knapp 90 Jahre Automobilbau an diesem Standort in seiner Historie zu bewahren. Zudem k\u00f6nnte man aus dem Fahrzeugbestand vor Ort f\u00fcr rotierende Ausstellungen sch\u00f6pfen ohne jedes Mal eine Spedition mit dem Fahrzeugtransport zu beauftragen. Niemand erwartet (nicht einmal ich), dass die nach meiner Sch\u00e4tzung ca. 500 Fahrzeuge aus den Best\u00e4nden des Museums und Volkswagen Classic alle fahrbereit, konserviert, poliert und vollst\u00e4ndig dokumentiert werden, aber zumindest erhalten bleiben m\u00fcssen sie sonst sind wir wieder auf dem Stand der Sechziger Jahre. <br><br>Auch muss man bef\u00fcrchten, dass die Entscheidungen von Personen getroffen werden, in deren Blut kein Benzin flie\u00dft &#8211; schlie\u00dflich m\u00fcsste man sich heutzutage daf\u00fcr eco-shamen, R\u00fcckst\u00e4nde eines fossilen Brennstoffes im Organismus zu haben. Wenn es dann in der Konsequenz bedeutet, dass einige Fahrzeuge f\u00fcr die beispielhaft genutzte Tiguan-fahrende Familie aus Oer-Erkenschwick nicht spannend genug sind, dann werden wom\u00f6glich Fahrzeuge aussortiert beziehungsweise wird die Sammlung bereinigt werden. Was auch immer das dann hei\u00dfen mag. F\u00fcr den k\u00fchlen Rechner reichen schlie\u00dflich die freundlichen Gesichter eines K\u00e4fers und Bullis um den aus China importieren <s>Schr\u00f6mmel<\/s> Merchandise (Lizenzprodukte!) verkaufen zu k\u00f6nnen. Mehr als das gibt das Restguthaben auf dem Gutschein der Autostadt nach der Neuwagenabholung des Tiguans vor der Heimfahrt nach Oer-Erkenschwick eh nicht her. Also bleiben die Sorgen um Quantit\u00e4t und Qualit\u00e4t der Fahrzeuge bestehen; gerade bei denen, die im staubigen Verschlag im Wolfsburger Vorort mangels ausstellungsf\u00e4higem Zustand bislang &#8222;unentdeckt&#8220; blieben. <\/p>\n\n\n\n<p class=\"has-small-font-size\">Zu den schn\u00f6den Gegenst\u00e4nden (Autos) kommt die Sorge um die Menschen, das Herzblut, das Wissen und die Parkplatz-Romantik. Ich sehe ein, dass dies Erl\u00e4uterung bedarf: seit einigen Jahren gibt es im Volkswagen Museum so genannte Sonderausstellungen. F\u00fcr die Fans und alle, die mehr oder weniger zuf\u00e4llig das Museum an der Dieselstra\u00dfe gefunden haben hat das zur Folge, dass es trotz der widrigen gegebenen Umst\u00e4nde immer mal wieder etwas Neues zu sehen gibt. Unter bestimmten Themen werden wechselnde Fahrzeuge aus den Best\u00e4nden des Museums (auch z.T. nie gezeigte Exponate aus den Au\u00dfenlagern!), von anderen Museen und\/oder privaten Eigent\u00fcmern pr\u00e4sentiert. Auch Jubil\u00e4en bestimmter Modellreihen werden in einer Form zelebriert die so an keinem anderen Punkt des Volkswagen-Konzerns m\u00f6glich ist. Eine Prise Kultur rundet mit musikalischen Veranstaltungen und Kunstausstellungen das Programm ab. Das geht allerdings nur dank der kleinteiligen Arbeit der Mitarbeiter (nat\u00fcrlich auch und besonders Mitarbeiterinnen) vom Volkswagen-Museum, die h\u00e4ufig Markenclubs bzw. Markenfans und Spezialisten aktiv mit einbeziehen und dieses Netzwerk ebenso aktiv pflegen. Eines davon hat sogar einen Namen: Freundeskreis Stiftung AutoMuseum Volkswagen. Das passende Gegenst\u00fcck dazu sind Besuche von Personen- und Fahrzeuggruppen am Museum, sei es auf der Durchfahrt oder gezielt als Treffpunkt, z.B. um ein Clubtreffen zu feiern. Nicht selten bringt dieser Austausch auch wieder Wissen und Anekdoten zu Tage, das bei Volkswagen schon lange im Zuge einer der zahlreichen Restrukturierungen verloren gegangen sind. &#8222;Aber wieviel ist Volkswagen das wert?&#8220; darf man sicher hinterfragen und auf dem Weg zur reinen E-Mobilit\u00e4t des Taktgebers scheint die Antwort vorprogrammiert.<\/p>\n\n\n\n<figure class=\"wp-block-image size-large\"><img loading=\"lazy\" decoding=\"async\" width=\"1024\" height=\"487\" src=\"http:\/\/g-lader.info\/blog\/wp-content\/uploads\/2022\/12\/11705813_875189419240462_1736362549420932912_o-1024x487.jpg\" alt=\"\" class=\"wp-image-317\" srcset=\"https:\/\/g-lader.info\/blog\/wp-content\/uploads\/2022\/12\/11705813_875189419240462_1736362549420932912_o-1024x487.jpg 1024w, https:\/\/g-lader.info\/blog\/wp-content\/uploads\/2022\/12\/11705813_875189419240462_1736362549420932912_o-300x143.jpg 300w, https:\/\/g-lader.info\/blog\/wp-content\/uploads\/2022\/12\/11705813_875189419240462_1736362549420932912_o-768x365.jpg 768w, https:\/\/g-lader.info\/blog\/wp-content\/uploads\/2022\/12\/11705813_875189419240462_1736362549420932912_o-1536x730.jpg 1536w, https:\/\/g-lader.info\/blog\/wp-content\/uploads\/2022\/12\/11705813_875189419240462_1736362549420932912_o-2048x974.jpg 2048w, https:\/\/g-lader.info\/blog\/wp-content\/uploads\/2022\/12\/11705813_875189419240462_1736362549420932912_o-1568x746.jpg 1568w\" sizes=\"auto, (max-width: 1024px) 100vw, 1024px\" \/><figcaption class=\"wp-element-caption\">Die VW Polo IG Deutschland e.V. besuchte die Sonderausstellung &#8222;40 Jahre Polo&#8220;<\/figcaption><\/figure>\n\n\n\n<p class=\"has-small-font-size\">Eine gewisse Skepsis scheint angebracht und die Erfahrung, dass der Klassik-Bereich bei Volkswagen lange Zeit ein gewisses Schattendasein gef\u00fchrt hat, liefert zus\u00e4tzlichen Treibstoff. Nun habe ich mit meinen niedergeschriebenen Gedanken zum Thema Volkswagen AutoMuseum m\u00f6glicherweise einen weiteren Pflasterstein auf meinem pers\u00f6nlichen Weg zum Mecker-Opa gelegt. Wenn ich aber in meiner Vergangenheit eines gelernt habe, dann ist es, dass man auch \u00e4lteren Menschen zuh\u00f6ren sollte. Auch wenn es zuweilen spitz formuliert ist, m\u00f6chte ich nur konstruktive Kritik \u00e4u\u00dfern. Und ich gelobe, dem Pessimismus nicht die Oberhand zu gew\u00e4hren. Hier ist abschlie\u00dfend meine pers\u00f6nliche Wunschliste &#8211; diese darf sich die Agentur gerne abschreiben und als ihre eigene verkaufen:<\/p>\n\n\n\n<ul class=\"wp-block-list\">\n<li class=\"has-small-font-size\">Bitte schafft ausreichend Platz f\u00fcr die vielen Fahrzeuge. Ihr habt nur diese Chance &#8211; nutzt sie!<\/li>\n\n\n\n<li class=\"has-small-font-size\">Seid endlich stolz auf Eure Geschichte und packt die German Angst beiseite, wenn es um bestimmte Jahreszahlen geht. <\/li>\n\n\n\n<li class=\"has-small-font-size\">Jedes Fahrzeug im Bestand hat seine Berechtigung. Ein besuchbares Depot (wie z.B. im Glasturm) w\u00e4re ideal, mindestens aber sollte sich der Zustand der eingelagerten Fahrzeuge nicht durch die Art und Weise der Unterbringung verschlechtern. Kein Fahrzeug darf und keines muss verloren gehen.<\/li>\n\n\n\n<li class=\"has-small-font-size\">Bitte schafft einen Ort der Zusammenkunft f\u00fcr die Fans. Daf\u00fcr ist in der Praxis ein einfacher Parkplatz besser geeignet als ein wei\u00df gefliester Saal, der mehrmals am Tag durchgefeudelt wird. <\/li>\n\n\n\n<li class=\"has-small-font-size\">Gebt bitte den Personen rund um das Museum den n\u00f6tigen Raum, das Geh\u00f6r und auch den Einfluss. Die machen das schon ein paar Jahre l\u00e4nger als die beratende Agentur. Wehret den Anf\u00e4ngen!<\/li>\n\n\n\n<li class=\"has-small-font-size\">Das Konzept der rollierenden Ausstellungen hat sich bew\u00e4hrt. Ja, es ist Arbeit; ja, es kostet Geld. Aber keine Sorge: die anderen Hersteller, die ihre eigene Geschichte zu sch\u00e4tzen wissen, schaffen das auch. Und mit der richtigen \u00d6ffentlichkeitsarbeit ist das Potential gigantisch.<\/li>\n<\/ul>\n\n\n\n<figure class=\"wp-block-image size-large\"><img loading=\"lazy\" decoding=\"async\" width=\"1024\" height=\"683\" src=\"http:\/\/g-lader.info\/blog\/wp-content\/uploads\/2022\/12\/11117731_877392489020155_731775762737945054_o-1024x683.jpg\" alt=\"\" class=\"wp-image-318\" srcset=\"https:\/\/g-lader.info\/blog\/wp-content\/uploads\/2022\/12\/11117731_877392489020155_731775762737945054_o-1024x683.jpg 1024w, https:\/\/g-lader.info\/blog\/wp-content\/uploads\/2022\/12\/11117731_877392489020155_731775762737945054_o-300x200.jpg 300w, https:\/\/g-lader.info\/blog\/wp-content\/uploads\/2022\/12\/11117731_877392489020155_731775762737945054_o-768x512.jpg 768w, https:\/\/g-lader.info\/blog\/wp-content\/uploads\/2022\/12\/11117731_877392489020155_731775762737945054_o.jpg 1200w\" sizes=\"auto, (max-width: 1024px) 100vw, 1024px\" \/><\/figure>\n\n\n\n<p class=\"has-small-font-size\">Ich f\u00fcr meinen Teil hoffe, dass dieses Bild der Sonderausstellung anl\u00e4sslich des 40. Jubil\u00e4ums des Modells POLO nicht irgendwann ein &#8222;Foto aus besseren Zeiten&#8220; ist. Dem bevorstehenden Umzug sehe ich mit Freude entgegen und glaube fest an eine positive Entwicklung &#8211; im Sinne der Bewahrung der Historie in Form von Exponaten, im Sinne der damit verbundenen Personen und nicht zuletzt im Sinne der Besucher &#8211; das sind sowohl Marken- und Technikfans als auch die Familie aus Oer-Erkenschwick mit dem neuen Tiguan. <\/p>\n\n\n\n<p class=\"has-small-font-size\"><\/p>\n\n\n\n<p class=\"has-small-font-size\">In diesem Sinne<br>Euer<br>Mail Man G40 \/ Sebastian Winkler<\/p>\n","protected":false},"excerpt":{"rendered":"<p>Wenn die &#8222;Kronjuwelen&#8220; auf Reisen gehen, ist Vorsicht geboten! Als am 25. April 1985 das Volkswagen AutoMuseum zum ersten Mal seine T\u00fcren \u00f6ffnete, ahnten die Besucher nichts von der gro\u00dfen Not im Hintergrund: Autohersteller Volkswagen hatte sicherlich immer wieder andere Probleme, als sich mit abgelegten Fahrzeugen aus der Forschung und Entwicklung zu belasten. So entstand &hellip; <\/p>\n<p class=\"link-more\"><a href=\"https:\/\/g-lader.info\/blog\/2022\/12\/11\/umzug-des-volkswagen-museums-was-nicht-verloren-gehen-darf\/\" class=\"more-link\"><span class=\"screen-reader-text\">\u201eUmzug des Volkswagen-Museums: was nicht verloren gehen darf\u201c <\/span>weiterlesen<\/a><\/p>\n","protected":false},"author":1,"featured_media":0,"comment_status":"closed","ping_status":"open","sticky":false,"template":"","format":"standard","meta":{"footnotes":""},"categories":[2,12],"tags":[8,11],"class_list":["post-308","post","type-post","status-publish","format-standard","hentry","category-editorial","category-wolfsburg","tag-volkswagen-museum","tag-wolfsburg","entry"],"_links":{"self":[{"href":"https:\/\/g-lader.info\/blog\/wp-json\/wp\/v2\/posts\/308","targetHints":{"allow":["GET"]}}],"collection":[{"href":"https:\/\/g-lader.info\/blog\/wp-json\/wp\/v2\/posts"}],"about":[{"href":"https:\/\/g-lader.info\/blog\/wp-json\/wp\/v2\/types\/post"}],"author":[{"embeddable":true,"href":"https:\/\/g-lader.info\/blog\/wp-json\/wp\/v2\/users\/1"}],"replies":[{"embeddable":true,"href":"https:\/\/g-lader.info\/blog\/wp-json\/wp\/v2\/comments?post=308"}],"version-history":[{"count":34,"href":"https:\/\/g-lader.info\/blog\/wp-json\/wp\/v2\/posts\/308\/revisions"}],"predecessor-version":[{"id":363,"href":"https:\/\/g-lader.info\/blog\/wp-json\/wp\/v2\/posts\/308\/revisions\/363"}],"wp:attachment":[{"href":"https:\/\/g-lader.info\/blog\/wp-json\/wp\/v2\/media?parent=308"}],"wp:term":[{"taxonomy":"category","embeddable":true,"href":"https:\/\/g-lader.info\/blog\/wp-json\/wp\/v2\/categories?post=308"},{"taxonomy":"post_tag","embeddable":true,"href":"https:\/\/g-lader.info\/blog\/wp-json\/wp\/v2\/tags?post=308"}],"curies":[{"name":"wp","href":"https:\/\/api.w.org\/{rel}","templated":true}]}}