{"id":41,"date":"2017-12-20T08:12:05","date_gmt":"2017-12-20T07:12:05","guid":{"rendered":"http:\/\/g-lader.info\/blog\/?p=41"},"modified":"2020-02-04T18:47:24","modified_gmt":"2020-02-04T17:47:24","slug":"oeko-polo-in-aktion","status":"publish","type":"post","link":"https:\/\/g-lader.info\/blog\/2017\/12\/20\/oeko-polo-in-aktion\/","title":{"rendered":"\u00d6ko-Polo in Aktion"},"content":{"rendered":"\n<figure class=\"wp-block-image\"><img loading=\"lazy\" decoding=\"async\" width=\"512\" height=\"363\" src=\"http:\/\/g-lader.info\/blog\/wp-content\/uploads\/2019\/01\/youtube_oeko-polo512.jpg\" alt=\"\" class=\"wp-image-42\" srcset=\"https:\/\/g-lader.info\/blog\/wp-content\/uploads\/2019\/01\/youtube_oeko-polo512.jpg 512w, https:\/\/g-lader.info\/blog\/wp-content\/uploads\/2019\/01\/youtube_oeko-polo512-300x213.jpg 300w\" sizes=\"auto, (max-width: 512px) 100vw, 512px\" \/><\/figure>\n\n\n\n<p class=\"has-small-font-size\">Was seit vielen Jahren geplant war, ist nun geschafft: das wahrscheinlich erste Fahrvideo vom \u00d6ko-Polo im Internet! \ud83d\ude42 Im Rahmen eines Fotoshootings haben wir die Gelegenheit genutzt und ein paar bewegte Bilder aufgenommen. Diese wurden noch &#8222;mal eben&#8220; in einen kurzen Film verwurstet und fertig ist das Fahrvideo. Hier der Link dazu:<\/p>\n\n\n\n<p class=\"has-small-font-size\">Mir war wichtig, dass der Zuschauer einen Eindruck erh\u00e4lt, wie sich die Fahrpraxis bei der Superspar-Studie verh\u00e4lt. Und es ist auch eine Hommage an die alte Technik und deren Entwickler, denn trotz knapp 30 Jahren Fahrzeugalter funktionieren alle Systeme noch einwandfrei. Und das, obwohl viele Teile aus dem Versuchsbau stammen. Daf\u00fcr Chapeau! <br>Wenn man vom \u00d6ko-Polo spricht, tauchen schnell die Unkenrufe auf: &#8222;warum hat VW das nicht gebaut&#8220; und so weiter und so weiter. Man kann Volkswagen vieles vorwerfen &#8211; aber aus meiner Sicht nicht, gute Entwicklungen voran getrieben zu haben. Und besonders aus heutiger Sicht wirkt der \u00d6ko-Polo mit seiner&#8230; sagen wir &#8222;unverwechselbaren&#8220; Ger\u00e4uschkulisse und Handhabung skurril. Trotz meiner pers\u00f6nlichen Faszination f\u00fcr dieses Fahrzeug habe ich Verst\u00e4ndnis daf\u00fcr, dass auch der \u00d6ko-Polo in einer Serienproduktion ein Flopp gewesen w\u00e4re. Preislich\/wirtschaftlich sowieso und ganz besonders aus Gr\u00fcnden des Komforts. Es wird sich niemals eine Mehrheit freiwillig derart selbst kasteien, wenn sie sich den Komfort leisten kann. Aber nun genug mit der Philosophie &#8211; viel Spa\u00df mit dem Video.<\/p>\n\n\n\n<figure class=\"wp-block-image size-large\"><a href=\"https:\/\/youtu.be\/VS9VZxboDJc\" target=\"_blank\" rel=\"noreferrer noopener\"><img decoding=\"async\" src=\"http:\/\/g-lader.info\/videoplaythumb.jpg\" alt=\"\"\/><\/a><\/figure>\n\n\n\n<p class=\"has-small-font-size\">Euer<br>Mail Man G40<\/p>\n","protected":false},"excerpt":{"rendered":"<p>Was seit vielen Jahren geplant war, ist nun geschafft: das wahrscheinlich erste Fahrvideo vom \u00d6ko-Polo im Internet! \ud83d\ude42 Im Rahmen eines Fotoshootings haben wir die Gelegenheit genutzt und ein paar bewegte Bilder aufgenommen. Diese wurden noch &#8222;mal eben&#8220; in einen kurzen Film verwurstet und fertig ist das Fahrvideo. Hier der Link dazu: Mir war wichtig, &hellip; <\/p>\n<p class=\"link-more\"><a href=\"https:\/\/g-lader.info\/blog\/2017\/12\/20\/oeko-polo-in-aktion\/\" class=\"more-link\"><span class=\"screen-reader-text\">\u201e\u00d6ko-Polo in Aktion\u201c <\/span>weiterlesen<\/a><\/p>\n","protected":false},"author":1,"featured_media":0,"comment_status":"closed","ping_status":"open","sticky":false,"template":"","format":"standard","meta":{"footnotes":""},"categories":[1],"tags":[21],"class_list":["post-41","post","type-post","status-publish","format-standard","hentry","category-allgemein","tag-oeko-polo","entry"],"_links":{"self":[{"href":"https:\/\/g-lader.info\/blog\/wp-json\/wp\/v2\/posts\/41","targetHints":{"allow":["GET"]}}],"collection":[{"href":"https:\/\/g-lader.info\/blog\/wp-json\/wp\/v2\/posts"}],"about":[{"href":"https:\/\/g-lader.info\/blog\/wp-json\/wp\/v2\/types\/post"}],"author":[{"embeddable":true,"href":"https:\/\/g-lader.info\/blog\/wp-json\/wp\/v2\/users\/1"}],"replies":[{"embeddable":true,"href":"https:\/\/g-lader.info\/blog\/wp-json\/wp\/v2\/comments?post=41"}],"version-history":[{"count":3,"href":"https:\/\/g-lader.info\/blog\/wp-json\/wp\/v2\/posts\/41\/revisions"}],"predecessor-version":[{"id":233,"href":"https:\/\/g-lader.info\/blog\/wp-json\/wp\/v2\/posts\/41\/revisions\/233"}],"wp:attachment":[{"href":"https:\/\/g-lader.info\/blog\/wp-json\/wp\/v2\/media?parent=41"}],"wp:term":[{"taxonomy":"category","embeddable":true,"href":"https:\/\/g-lader.info\/blog\/wp-json\/wp\/v2\/categories?post=41"},{"taxonomy":"post_tag","embeddable":true,"href":"https:\/\/g-lader.info\/blog\/wp-json\/wp\/v2\/tags?post=41"}],"curies":[{"name":"wp","href":"https:\/\/api.w.org\/{rel}","templated":true}]}}