{"id":44,"date":"2017-10-25T08:24:31","date_gmt":"2017-10-25T06:24:31","guid":{"rendered":"http:\/\/g-lader.info\/blog\/?p=44"},"modified":"2019-02-07T08:28:08","modified_gmt":"2019-02-07T07:28:08","slug":"44","status":"publish","type":"post","link":"https:\/\/g-lader.info\/blog\/2017\/10\/25\/44\/","title":{"rendered":"F\u00fcnf Jahre"},"content":{"rendered":"\n<div class=\"wp-block-image\"><figure class=\"aligncenter\"><img loading=\"lazy\" decoding=\"async\" width=\"600\" height=\"400\" src=\"http:\/\/g-lader.info\/blog\/wp-content\/uploads\/2019\/02\/6.Int_.PolotreffenHamburg_Img_6388.jpg.small_.jpg\" alt=\"\" class=\"wp-image-165\" srcset=\"https:\/\/g-lader.info\/blog\/wp-content\/uploads\/2019\/02\/6.Int_.PolotreffenHamburg_Img_6388.jpg.small_.jpg 600w, https:\/\/g-lader.info\/blog\/wp-content\/uploads\/2019\/02\/6.Int_.PolotreffenHamburg_Img_6388.jpg.small_-300x200.jpg 300w\" sizes=\"auto, (max-width: 600px) 100vw, 600px\" \/><figcaption><em>Ein F\u00e4hnchen im Wind<\/em><\/figcaption><\/figure><\/div>\n\n\n\n<p class=\"has-small-font-size\">F\u00fcnf Jahre sind seit der Abmahnwelle seitens Volkswagen gegen ein gro\u00dfes, privates &gt; <a aria-label=\"Internetportal zum VW Golf (\u00f6ffnet in neuem Tab)\" href=\"http:\/\/www.doppel-wobber.de\/cms\/index.php?vw-gegen-doppel-wobber\/\" target=\"_blank\" rel=\"noreferrer noopener\">Internetportal zum VW Golf<\/a> &lt; vergangen. Das Echo kam prompt aus der Internetcommunity in Form eines gro\u00dfen Aufschreis, der wenig sp\u00e4ter in einen Shitstorm gipfelte. Fortan verhielten sich die Juristen in Wolfsburg etwas umg\u00e4nglicher und sensibler, was die Durchsetzung von sachlich sicher richtigen Urheberrechten angeht. Die Kratzer im Image aber waren vorhanden und wenn es ein gewisses Vertrauen in die gemeinsame Sache gab, war auch das futsch.<br><strong> <\/strong><br>F\u00fcnf Jahre sind viel Zeit. In Peking baut man in weniger Zeit einen internationalen Flughafen. Dass man in Deutschland etwas langsamer ist, sieht man am Beispiel BER. Aber auch in der nur wenige Flugminuten entfernten VW-Konzernzentrale ist der Unterschied zwischen Fortschritt und Stillstand nur schwer auszumachen. Ich nehme mir die Zeit, einmal ein vorl\u00e4ufiges Res\u00fcmee zu ziehen &#8211; keine Sorge, das geht schnell! Zur Verteidigung von Volkswagen muss man sagen: sie waren sich bewusst, &#8222;ein wenig&#8220; \u00fcber das Ziel hinausgeschossen zu sein und mehr oder weniger versehentlich die Volkswagen-Fanszene ins Herz getroffen zu haben. Man gelobte Besserung, L\u00e4uterung, \u00e4u\u00dferte Versprechen sich wieder zum Thema zu melden, auf Facebook und in anderen Medien. In der Folge wurden Volkswagen Markenclubs angesprochen, Probleme erh\u00f6rt und L\u00f6sungen skizziert. Eine davon war eine Art &#8222;Markenfibel&#8220; &#8211; ein kurzes Handbuch \u00fcber die Do&#8217;s &amp; Don&#8217;ts im Umgang mit Logos sowie urheberrechtlich gesch\u00fctztem Material. Begleitet von der Agentur, die seinerzeit sogar die Konzernmarke Volkswagen betreute, traf man sich auf dem neutralen Boden der Stiftung AutoMuseum Volkswagen. Viele H\u00e4nde wurden gesch\u00fcttelt, man war seitens der Club-Vertreter hoffnungsvoll und seitens der Agentur dankbar f\u00fcr die Zusammenarbeit mit den Clubs. So oder so \u00e4hnlich w\u00fcrde es im Protokoll stehen, wenn es eines g\u00e4be. Mit dem Ausbleiben eines Ergebnisprotokolls und Einsetzen eines gewissen D\u00e4mmerschlafes in der Thematik zogen meinerseits wieder die ersten Bedenken auf und weitere Ergebnisse lassen auf sich warten &#8211; bis heute. Eine Markenfibel oder \u00e4hnliches gibt es immer noch nicht, also besteht im Grunde weiterhin die latente Gefahr, unbeabsichtigt erneut in den juristischen Fettnapf zu treten. Man k\u00f6nnte sagen es sei Instant Karma, dass jetzt Volkswagen selber in diesem steckt, ja sogar kopf\u00fcber mit doppelter Schraube hineingesprungen ist. Dass Volkswagen mit der Dieselthematik aktuell andere Probleme zu bew\u00e4ltigen hat, ist verst\u00e4ndlich. Aber mit jedem weiteren Tag der vergeht, schwindet bei mir die Hoffnung, dass im Klassik-Sektor einige wichtige Grundlagen im Umgang mit den Fans der Marke geschaffen werden &#8211; und wir sind schon bei Tag 1.841. Oder anders ausgedr\u00fcckt: \u00fcber f\u00fcnf Jahre.<\/p>\n\n\n\n<p class=\"has-small-font-size\">Ein weiterhin nachdenklicher <br>Basti | Mail Man G40<\/p>\n","protected":false},"excerpt":{"rendered":"<p>F\u00fcnf Jahre sind seit der Abmahnwelle seitens Volkswagen gegen ein gro\u00dfes, privates &gt; Internetportal zum VW Golf &lt; vergangen. Das Echo kam prompt aus der Internetcommunity in Form eines gro\u00dfen Aufschreis, der wenig sp\u00e4ter in einen Shitstorm gipfelte. Fortan verhielten sich die Juristen in Wolfsburg etwas umg\u00e4nglicher und sensibler, was die Durchsetzung von sachlich sicher &hellip; <\/p>\n<p class=\"link-more\"><a href=\"https:\/\/g-lader.info\/blog\/2017\/10\/25\/44\/\" class=\"more-link\"><span class=\"screen-reader-text\">\u201eF\u00fcnf Jahre\u201c <\/span>weiterlesen<\/a><\/p>\n","protected":false},"author":1,"featured_media":0,"comment_status":"closed","ping_status":"open","sticky":false,"template":"","format":"standard","meta":{"footnotes":""},"categories":[2,12],"tags":[36,17],"class_list":["post-44","post","type-post","status-publish","format-standard","hentry","category-editorial","category-wolfsburg","tag-shitstorm","tag-volkswagen-classic","entry"],"_links":{"self":[{"href":"https:\/\/g-lader.info\/blog\/wp-json\/wp\/v2\/posts\/44","targetHints":{"allow":["GET"]}}],"collection":[{"href":"https:\/\/g-lader.info\/blog\/wp-json\/wp\/v2\/posts"}],"about":[{"href":"https:\/\/g-lader.info\/blog\/wp-json\/wp\/v2\/types\/post"}],"author":[{"embeddable":true,"href":"https:\/\/g-lader.info\/blog\/wp-json\/wp\/v2\/users\/1"}],"replies":[{"embeddable":true,"href":"https:\/\/g-lader.info\/blog\/wp-json\/wp\/v2\/comments?post=44"}],"version-history":[{"count":9,"href":"https:\/\/g-lader.info\/blog\/wp-json\/wp\/v2\/posts\/44\/revisions"}],"predecessor-version":[{"id":168,"href":"https:\/\/g-lader.info\/blog\/wp-json\/wp\/v2\/posts\/44\/revisions\/168"}],"wp:attachment":[{"href":"https:\/\/g-lader.info\/blog\/wp-json\/wp\/v2\/media?parent=44"}],"wp:term":[{"taxonomy":"category","embeddable":true,"href":"https:\/\/g-lader.info\/blog\/wp-json\/wp\/v2\/categories?post=44"},{"taxonomy":"post_tag","embeddable":true,"href":"https:\/\/g-lader.info\/blog\/wp-json\/wp\/v2\/tags?post=44"}],"curies":[{"name":"wp","href":"https:\/\/api.w.org\/{rel}","templated":true}]}}